{"id":9268,"date":"2022-10-13T15:26:37","date_gmt":"2022-10-13T12:26:37","guid":{"rendered":"https:\/\/antofapop.cl\/?p=9268"},"modified":"2022-10-13T15:26:38","modified_gmt":"2022-10-13T12:26:38","slug":"seremi-de-ciencia-participo-del-festival-de-la-ciencia-feci-2022-en-todas-las-regiones-de-la-macrozona-norte","status":"publish","type":"post","link":"https:\/\/antofapop.cl\/index.php\/2022\/10\/13\/seremi-de-ciencia-participo-del-festival-de-la-ciencia-feci-2022-en-todas-las-regiones-de-la-macrozona-norte\/","title":{"rendered":"Seremi de Ciencia particip\u00f3 del Festival de la Ciencia FECI 2022 en todas las regiones de la macrozona norte"},"content":{"rendered":"<div class='booster-block booster-read-block'>\n                <div class=\"twp-read-time\">\n                \t<i class=\"booster-icon twp-clock\"><\/i> <span>Tiempo de Lectura:<\/span>6 Minutos, 3 Segundos                <\/div>\n\n            <\/div>\n<p><strong><em>Oportunidad donde recorri\u00f3 varias comunas de las regiones de Arica y Parinacota, Tarapac\u00e1, Antofagasta y Atacama, con el objetivo de participar de las actividades junto a los Proyectos Asociativos Regionales Explora por motivo de la semana del FECI.<\/em><\/strong><\/p>\n\n\n\n<p>&nbsp;&nbsp;&nbsp;&nbsp;&nbsp;&nbsp; Entre el 2 y 9 de octubre se realiz\u00f3 el Festival de Ciencia FECI 2022, fiesta que re\u00fane la m\u00fasica, el arte, la cultura a trav\u00e9s de la ciencia, que luego de dos a\u00f1os, volvi\u00f3 a la presencialidad mediante diversas ferias cient\u00edficas realizadas a lo largo del pa\u00eds.<\/p>\n\n\n\n<p>Celebraci\u00f3n que el Seremi de Ciencia de la Macrozona Norte, Rub\u00e9n Moraga Mamani, se hizo presente participando de manera activa en actividades cient\u00edficas en las cuatro regiones de la macrozona norte.<\/p>\n\n\n\n<p>&nbsp;&nbsp;&nbsp;&nbsp;&nbsp;&nbsp; La crisis clim\u00e1tica y la escasez h\u00eddrica fueron los temas centrales de la cuarta versi\u00f3n del Festival Ciencia FECI 2022. Este gran despliegue territorial cont\u00f3 con m\u00faltiples charlas, ponencias, conversatorios, m\u00fasica, bailes, en todas las&nbsp; regiones del pa\u00eds, invitando a familias, instituciones, establecimientos educacionales y a la sociedad en general, a participar con el objetivo de acercar&nbsp; la ciencia, tecnolog\u00eda, el conocimiento y la innovaci\u00f3n a los ciudadanos, principalmente ni\u00f1as, ni\u00f1os y estudiantes.<\/p>\n\n\n\n<p>&nbsp;&nbsp;&nbsp;&nbsp;&nbsp;&nbsp; El Seremi de Ciencia de la Macrozona Norte, Dr Rub\u00e9n Moraga Mamani, fue parte del Festival de Ciencia de Tocopilla, organizado por el PAR Explora Antofagasta y la SEREMI de ciencia, tecnolog\u00eda, conocimiento e innovaci\u00f3n de la Macrozona norte.&nbsp;<\/p>\n\n\n\n<p>En dicha feria cient\u00edfica comparti\u00f3 con ni\u00f1os, cient\u00edficos y diversos miembros de la comunidad. En el evento realizado en la Plaza Condell de Tocopilla, se presentaron experimentos en vivo, como el funcionamiento de volcanes. Adem\u00e1s, en dicha celebraci\u00f3n estuvieron presentes autoridades de la Delegaci\u00f3n Presidencial Provincial de Tocopilla, Rossana Montero, la Seremi de Transportes y Telecomunicaciones de la regi\u00f3n de Antofagasta, Romina Vera, expositores e investigadores de la Universidad Cat\u00f3lica del Norte, tales como Science Up, Departamento de F\u00edsica, el programa ViltiSemman de rob\u00f3tica, entre otros.<\/p>\n\n\n\n<p>&nbsp;&nbsp;&nbsp;&nbsp;&nbsp; En la instancia llevada a cabo en dicha comuna, el Seremi de ciencia expres\u00f3 su opini\u00f3n respecto del FECI 2022 a la prensa local, en entrevista al diario La Estrella de Tocopilla, afirmando que \u2018\u2019Es vital llegar a las comunas, llegar al territorio y dar a conocer lo que significan las ciencias, la tecnolog\u00eda, el conocimiento y la innovaci\u00f3n en la formaci\u00f3n de las primeras edades de nuestros estudiantes, porque le abre un mundo y una perspectiva de entender que la ciencia permite el desarrollo y permite generar valor agregado a nuestro territorio. Para nosotros, como Seremi,&nbsp; es vital y muy importante tener mayor presencia en los territorios y Tocopilla es un eje central de nuestro quehacer\u2019\u2019.<\/p>\n\n\n\n<p>&nbsp;&nbsp;&nbsp;&nbsp;&nbsp;&nbsp; Adem\u00e1s, aprovech\u00f3 de dar a conocer el programa que se ejecutar\u00e1 prontamente en la ciudad de Tocopilla denominado \u2018\u2019Ciencia en tu Comuna\u2019\u2019 el que busca generar acercamientos de la ciencia a estudiantes de los colegios.<\/p>\n\n\n\n<p>&nbsp;&nbsp;&nbsp;&nbsp;&nbsp;&nbsp; Durante su paso por el puerto salitrero, aprovech\u00f3 de visitar la radio local, Actual FM, momento que utiliz\u00f3 para invitar a toda la comunidad tocopillana, al Festival de Ciencias FECI 2022. As\u00ed mismo se reuni\u00f3 con la Delegada Presidencial Provincial, Rossana Montero, con la finalidad de conversar sobre proyectos viables de ciencia y tecnolog\u00eda, medioambiente y reciclaje. Adem\u00e1s, form\u00f3 parte del di\u00e1logo ciudadano organizado por la DPP de Tocopilla, instancia que sirvi\u00f3 para conocer las necesidades de la comunidad respecto del transporte p\u00fablico y la nueva licitaci\u00f3n de buses urbanos, comparti\u00f3 con la alcaldesa Ljubica Kurtovic, con qui\u00e9n se comprometi\u00f3 a trabajar conjuntamente para mejorar las condiciones de vida de los habitantes del puerto salitrero.<\/p>\n\n\n\n<p>&nbsp;&nbsp;&nbsp;&nbsp;&nbsp;&nbsp;&nbsp; En el marco del despliegue por la capital provincial, sostuvo diversas reuniones con autoridades locales, dentro de las cuales es destacable el&nbsp; Director de Educaci\u00f3n Municipal de Tocopilla, Victor Alvarado, con quien busc\u00f3 generar v\u00ednculos para acercar la ciencia a los estudiantes y as\u00ed \u00e9stos puedan involucrarse en los proyectos de ciencia de la comuna.<\/p>\n\n\n\n<p>Finalizando su paso por la capital provincial, particip\u00f3 de la charla \u2018\u2019Ser humano en condiciones extremas: fisiolog\u00eda de altura\u2019\u2019 dictada por la Dra Morin Lang de la Universidad de Antofagasta, junto al paleont\u00f3logo argentino, Mart\u00edn Farina.<\/p>\n\n\n\n<p>&nbsp;&nbsp;&nbsp;&nbsp;&nbsp;&nbsp; En el segundo d\u00eda del gran despliegue territorial, se traslad\u00f3 a la regi\u00f3n de Tarapac\u00e1, a su llegada se reuni\u00f3 con su par de la cartera de agricultura, Rub\u00e9n L\u00f3pez, con quien sostuvo di\u00e1logos ligados a la seguridad alimentaria, transferencia tecnol\u00f3gica y tecnificaci\u00f3n de la agricultura. Visit\u00f3 al nuevo decano de la Facultad de Recursos Naturales, Renovables, Mario Aguilar, de la Universidad Arturo Prat de Iquique, con quien tocaron tem\u00e1ticas de desarrollo de CTCI y democratizaci\u00f3n del conocimiento para potenciar el territorio de la regi\u00f3n de Tarapac\u00e1. &nbsp; As\u00ed mismo, se present\u00f3 en la radio de esa casa de estudios para hablar sobre la necesidad de aumento del presupuesto para ciencia, fortalecimiento de las universidades, agricultura sustentable y econom\u00eda de la regi\u00f3n.<\/p>\n\n\n\n<p>&nbsp;&nbsp;&nbsp;&nbsp;&nbsp;&nbsp; Como parte de la visita a la ciudad de Iquique, se reuni\u00f3 con el Instituto de Estudios Internacionales de la Universidad de Arturo Prat, para charlar sobre las problem\u00e1ticas de la poblaci\u00f3n, actividad de estudios transfronterizos y su posicionamiento y visibilizaci\u00f3n del trabajo de esa casa de estudios en t\u00e9rminos de inmigraci\u00f3n.&nbsp; &nbsp; Para finalizar su estad\u00eda en la ciudad nortina, particip\u00f3 de un saludo protocolar con el Director de Vinculaci\u00f3n y Relaciones Internacionales de la UNAP, Cristi\u00e1n Jamett, con quien comparti\u00f3 experiencias y habl\u00f3 sobre posibles vinculaciones con investigadores de otras universidades de la Macrozona Norte.<\/p>\n\n\n\n<p>&nbsp;&nbsp;&nbsp;&nbsp; &nbsp; En la tercera jornada del recorrido por la Macrozona Norte, asisti\u00f3 a la Universidad de Tarapac\u00e1 para reunirse con el equipo de la Oficina de Transferencia y Licenciamiento, con miras a trabajar conjuntamente con el equipo de la OTL en un evento que busca visibilizar la vinculaci\u00f3n entre actores principales de la sociedad civil, universidades, gobierno regional y otros. Tambi\u00e9n visit\u00f3 al equipo de la Divisi\u00f3n de Fomento e Industria, junto a su jefa, Siboney Sanzana del Gore de Arica y Parinacota, donde se discutieron tem\u00e1ticas respecto de la conformaci\u00f3n del Comit\u00e9 Regional de Ciencia y Tecnolog\u00eda para el Desarrollo.<\/p>\n\n\n\n<p>&nbsp;&nbsp;&nbsp;&nbsp;&nbsp;&nbsp; Particip\u00f3 activamente de la Feria de Ciencias e Innovaci\u00f3n \u2018\u2019 Cada Gota Cuenta\u2019\u2019 en donde cort\u00f3 la cinta de inauguraci\u00f3n, comparti\u00f3 con los ni\u00f1os y comunidades de la Regi\u00f3n de Arica y Parinacota, para finalmente dirigirse a las inmediaciones de la estaci\u00f3n radial local de Arica, Radio Primavera, instancia que aprovech\u00f3 para profundizar temas de crisis h\u00eddrica, pol\u00edticas de energ\u00eda renovable, desarrollo territorial para mejorar la calidad de vida y pol\u00edticas de descentralizaci\u00f3n.<\/p>\n\n\n\n<p>\u00a0\u00a0\u00a0\u00a0\u00a0\u00a0\u00a0 El despliegue territorial realizado por el Seremi de ciencia de la Macrozona norte, culmin\u00f3 en la ciudad de Iquique, participando del cierre del FECI 2022, en la Feria de Ciencia, denominada \u2018\u2019Vive la Ciencia en Iquique\u2019\u2019 llevada a cabo en el Parque Playa Brava de la ciudad costera el domingo 9 de octubre. En la actividad fue parte del respectivo corte de cinta, participando adem\u00e1s, de los diversos stands de ciencia de la Feria.\u00a0<\/p>\n","protected":false},"excerpt":{"rendered":"<p>Oportunidad donde recorri\u00f3 varias comunas de las regiones de Arica y Parinacota, Tarapac\u00e1, Antofagasta y Atacama, con el objetivo de participar de las actividades junto a los Proyectos Asociativos Regionales&hellip;<\/p>\n","protected":false},"author":1,"featured_media":0,"comment_status":"closed","ping_status":"closed","sticky":false,"template":"","format":"standard","meta":{"_monsterinsights_skip_tracking":false,"_monsterinsights_sitenote_active":false,"_monsterinsights_sitenote_note":"","_monsterinsights_sitenote_category":0,"footnotes":""},"categories":[140,2405],"tags":[131,3257,138,6142,339,6164,642],"class_list":["post-9268","post","type-post","status-publish","format-standard","hentry","category-ciencia-e-innovacion","category-region","tag-ciencia","tag-feci","tag-festival","tag-macrozona","tag-norte","tag-regiones","tag-seremi"],"_links":{"self":[{"href":"https:\/\/antofapop.cl\/index.php\/wp-json\/wp\/v2\/posts\/9268"}],"collection":[{"href":"https:\/\/antofapop.cl\/index.php\/wp-json\/wp\/v2\/posts"}],"about":[{"href":"https:\/\/antofapop.cl\/index.php\/wp-json\/wp\/v2\/types\/post"}],"author":[{"embeddable":true,"href":"https:\/\/antofapop.cl\/index.php\/wp-json\/wp\/v2\/users\/1"}],"replies":[{"embeddable":true,"href":"https:\/\/antofapop.cl\/index.php\/wp-json\/wp\/v2\/comments?post=9268"}],"version-history":[{"count":1,"href":"https:\/\/antofapop.cl\/index.php\/wp-json\/wp\/v2\/posts\/9268\/revisions"}],"predecessor-version":[{"id":9270,"href":"https:\/\/antofapop.cl\/index.php\/wp-json\/wp\/v2\/posts\/9268\/revisions\/9270"}],"wp:attachment":[{"href":"https:\/\/antofapop.cl\/index.php\/wp-json\/wp\/v2\/media?parent=9268"}],"wp:term":[{"taxonomy":"category","embeddable":true,"href":"https:\/\/antofapop.cl\/index.php\/wp-json\/wp\/v2\/categories?post=9268"},{"taxonomy":"post_tag","embeddable":true,"href":"https:\/\/antofapop.cl\/index.php\/wp-json\/wp\/v2\/tags?post=9268"}],"curies":[{"name":"wp","href":"https:\/\/api.w.org\/{rel}","templated":true}]}}