{"id":9483,"date":"2022-10-23T00:09:52","date_gmt":"2022-10-22T21:09:52","guid":{"rendered":"https:\/\/antofapop.cl\/?p=9483"},"modified":"2022-10-23T00:09:53","modified_gmt":"2022-10-22T21:09:53","slug":"reinas-de-los-anos-60-fueron-las-encargadas-de-iniciar-la-celebracion-de-la-primavera-en-chuquicamata","status":"publish","type":"post","link":"https:\/\/antofapop.cl\/index.php\/2022\/10\/23\/reinas-de-los-anos-60-fueron-las-encargadas-de-iniciar-la-celebracion-de-la-primavera-en-chuquicamata\/","title":{"rendered":"Reinas de los a\u00f1os 60 fueron las encargadas de iniciar la celebraci\u00f3n de la primavera en Chuquicamata"},"content":{"rendered":"<div class='booster-block booster-read-block'>\n                <div class=\"twp-read-time\">\n                \t<i class=\"booster-icon twp-clock\"><\/i> <span>Tiempo de Lectura:<\/span>2 Minutos, 49 Segundos                <\/div>\n\n            <\/div>\n<p><strong><em>Codelco junto a las agrupaciones de Chuquicamata y la Corporaci\u00f3n de Cultura y Turismo de Calama, dieron inicio oficial a la celebraci\u00f3n de la tradicional fiesta \u201cChuquicamata es primavera 2022\u201d.<\/em><\/strong><\/p>\n\n\n\n<p>Con una emotiva ceremonia en la villa Atacama se dio inicio a \u201cChuquicamata es primavera 2022\u201d, actividad que Codelco, las agrupaciones ligadas a Chuquicamata y la Corporaci\u00f3n de Cultura y Turismo est\u00e1n desarrollando durante este fin de semana. Las reinas Gladis Herrera y Silvia Barraza junto al consejero jur\u00eddico del Distrito Norte de Codelco y gerente general de turno, Gabriel Tello, abrieron las puertas del campamento.&nbsp;<\/p>\n\n\n\n<p>Celebraci\u00f3n que busca rememorar parte de la historia del campamento minero a trav\u00e9s de significativas actividades que llevar\u00e1 a los asistentes a recordar aquellos tiempos, donde se organizaban diferentes encuentros deportivos y sociales para disfrutar de esta tradicional fiesta.&nbsp;<\/p>\n\n\n\n<p>Recuerdos que volver\u00e1n a la retina de todos las y los chuquicamatinos con esta fiesta de la primavera, que a partir de ma\u00f1ana cuenta con un nutrido programa de actividades para disfrutar, revivir la historia y la cultura en el mineral.&nbsp;<\/p>\n\n\n\n<p>Gabriel Tello, consejero jur\u00eddico del distrito norte y gerente general de turno Chuquicamata, valor\u00f3 estas actividades, \u201ces un sentir muy amplio, pero motivado por emociones sumamente positivas. Como Codelco estamos orgulloso de poder revivir esta historia, de construir un futuro y fundamentalmente, de que este patrimonio pueda ser vivido y disfrutado por toda la comunidad\u201d.&nbsp;<\/p>\n\n\n\n<p>De igual forma lo hizo Cecilia Gonz\u00e1lez, directora del Sindicato N\u00b01 de Trabajadores de Chuquicamata, que en esta ocasi\u00f3n tambi\u00e9n represent\u00f3 a su hermana Evelyn Primera, que fue la reina del a\u00f1o 1975. \u201cEn este fin de semana, tremendamente especial, donde reviviremos todo lo que es la fiesta de la primavera, quiero invitarlos a todas y todos, para que hagamos de este fin de semana en Chuquicamata un reencuentro entre los chuquicamatinos y disfrutemos\u201d.&nbsp;<\/p>\n\n\n\n<p><strong>Las reinas&nbsp;<\/strong><\/p>\n\n\n\n<p>La apertura del campamento estuvo marcada por la representaci\u00f3n de la llegada de las reinas en dos veh\u00edculos del a\u00f1o 1946, momento en que lograron rememorar los paseos que realizaban en el campamento.&nbsp;<\/p>\n\n\n\n<p>Con la llave simb\u00f3lica de Chuquicamata, ellas junto a los ejecutivos de Codelco y directivos de las agrupaciones, abrieron el campamento y dieron la bienvenida a las y los visitantes.&nbsp;<\/p>\n\n\n\n<p>Gladis Herrera, fue candidata a reina en el a\u00f1o 1964, a los 16 a\u00f1os. \u201cSoy chuquicamatina neta y me siento muy orgullosa y feliz de que hayan hecho esto, porque me hicieron revivir el pasado. Me present\u00e9 cuando ten\u00eda 16 a\u00f1os. Para m\u00ed revivir el pasado ha sido un orgullo, estoy muy feliz. Es como que hubieran abierto un ba\u00fal de los recuerdos, es algo muy bonito\u201d, dijo.&nbsp;<\/p>\n\n\n\n<p>Por su parte, Silvia Barraza, tambi\u00e9n record\u00f3 el momento cuando fue candidata a reina de la primavera en 1967, \u201crevivir este encuentro es muy emocionante para m\u00ed, ya que aqu\u00ed disfrute muchas cosas. Fue muy lindo para m\u00ed y ac\u00e1 tuve a mis hijos, me cas\u00e9 y estoy muy emocionada\u201d.&nbsp;<\/p>\n\n\n\n<p>La Fiesta de la Primavera tiene diversas actividades organizadas durante el s\u00e1bado 22 y viernes 23 de octubre, para que todos los visitantes disfruten de la historia y el patrimonio cultural que representa este campamento y que vive en el coraz\u00f3n de los hijos de esta tierra.<\/p>\n\n\n\n<p>Puede escanear aqu\u00ed y conocer el programa de actividades\u00a0de la Fiesta de la Primavera 2022.<\/p>\n\n\n\n<p><img loading=\"lazy\" decoding=\"async\" src=\"https:\/\/lh3.googleusercontent.com\/agYf3eDi3-qRyI3C_4GS8zIMARk3zH-dLaEeZ980VUW7IGcNAsbruXFbPLjMkUcoAHNJTLNuhiDArNJb4G--Evl10vnpcSSFv-xqtPWERupJjd-eC0KPsbgo_lQ_idYwU0hWUW2EFhQjYfOJG3xCSocsa3wpgWiWceS7nFSuLW4H4QN3RI_9SxiXeA8LEtsJlBd70g\" width=\"193\" height=\"193\"><\/p>\n","protected":false},"excerpt":{"rendered":"<p>Codelco junto a las agrupaciones de Chuquicamata y la Corporaci\u00f3n de Cultura y Turismo de Calama, dieron inicio oficial a la celebraci\u00f3n de la tradicional fiesta \u201cChuquicamata es primavera 2022\u201d.&hellip;<\/p>\n","protected":false},"author":1,"featured_media":0,"comment_status":"closed","ping_status":"closed","sticky":false,"template":"","format":"standard","meta":{"_monsterinsights_skip_tracking":false,"_monsterinsights_sitenote_active":false,"_monsterinsights_sitenote_note":"","_monsterinsights_sitenote_category":0,"footnotes":""},"categories":[2221,188],"tags":[919,1660,4179,3302,6825,2137,6824],"class_list":["post-9483","post","type-post","status-publish","format-standard","hentry","category-calama","category-patrimonio","tag-anos","tag-celebracion","tag-chuquicamata","tag-codelco","tag-encargadas","tag-primavera","tag-reinas"],"_links":{"self":[{"href":"https:\/\/antofapop.cl\/index.php\/wp-json\/wp\/v2\/posts\/9483"}],"collection":[{"href":"https:\/\/antofapop.cl\/index.php\/wp-json\/wp\/v2\/posts"}],"about":[{"href":"https:\/\/antofapop.cl\/index.php\/wp-json\/wp\/v2\/types\/post"}],"author":[{"embeddable":true,"href":"https:\/\/antofapop.cl\/index.php\/wp-json\/wp\/v2\/users\/1"}],"replies":[{"embeddable":true,"href":"https:\/\/antofapop.cl\/index.php\/wp-json\/wp\/v2\/comments?post=9483"}],"version-history":[{"count":1,"href":"https:\/\/antofapop.cl\/index.php\/wp-json\/wp\/v2\/posts\/9483\/revisions"}],"predecessor-version":[{"id":9485,"href":"https:\/\/antofapop.cl\/index.php\/wp-json\/wp\/v2\/posts\/9483\/revisions\/9485"}],"wp:attachment":[{"href":"https:\/\/antofapop.cl\/index.php\/wp-json\/wp\/v2\/media?parent=9483"}],"wp:term":[{"taxonomy":"category","embeddable":true,"href":"https:\/\/antofapop.cl\/index.php\/wp-json\/wp\/v2\/categories?post=9483"},{"taxonomy":"post_tag","embeddable":true,"href":"https:\/\/antofapop.cl\/index.php\/wp-json\/wp\/v2\/tags?post=9483"}],"curies":[{"name":"wp","href":"https:\/\/api.w.org\/{rel}","templated":true}]}}