{"id":9555,"date":"2022-10-26T03:39:17","date_gmt":"2022-10-26T00:39:17","guid":{"rendered":"https:\/\/antofapop.cl\/?p=9555"},"modified":"2022-10-26T03:39:18","modified_gmt":"2022-10-26T00:39:18","slug":"mas-de-600-estudiantes-de-establecimientos-educacionales-de-participaron-en-feria-de-fomento-lector","status":"publish","type":"post","link":"https:\/\/antofapop.cl\/index.php\/2022\/10\/26\/mas-de-600-estudiantes-de-establecimientos-educacionales-de-participaron-en-feria-de-fomento-lector\/","title":{"rendered":"M\u00e1s de 600 estudiantes de establecimientos educacionales de participaron en Feria de Fomento Lector"},"content":{"rendered":"<div class='booster-block booster-read-block'>\n                <div class=\"twp-read-time\">\n                \t<i class=\"booster-icon twp-clock\"><\/i> <span>Tiempo de Lectura:<\/span>3 Minutos, 0 Segundos                <\/div>\n\n            <\/div>\n<p><strong><em>La actividad cont\u00f3 con el desarrollo de distintas actividades did\u00e1cticas, adem\u00e1s de la exposici\u00f3n de bibliotecas CRA de escuelas y colegios de la comuna.<\/em><\/strong><\/p>\n\n\n\n<p>Estudiantes de diversos establecimientos de Antofagasta participaron de la Feria Literaria Expo-Experiencia Fomento Lector, actividad que fue organizada por la Seremi de Educaci\u00f3n en conjunto a la Seremi de las Culturas, las Artes y el Patrimonio de la regi\u00f3n de Antofagasta con el objetivo de estimular la lectura y escritura en las ni\u00f1as y ni\u00f1os de distintos niveles educacionales.<\/p>\n\n\n\n<p>En la actividad, las casi 700 alumnas y alumnos que asistieron pudieron disfrutar de distintas experiencias did\u00e1cticas y talleres que estuvieron a cargo de monitores y monitoras, quienes guiaron a las ni\u00f1as y ni\u00f1os en las actividades como cuenta cuentos y la confecci\u00f3n de distintos materiales.<\/p>\n\n\n\n<p>La feria adem\u00e1s cont\u00f3 con la participaci\u00f3n de las Bibliotecas Escolares CRA de diez escuelas y colegios de la comuna, quienes expusieron innovadoras actividades, adem\u00e1s de dar a conocer el trabajo que realizan a diario en sus respectivas comunidades educativas.&nbsp;<\/p>\n\n\n\n<p>Una de las bibliotecas expositoras fue la del Colegio Lancaster, la que fue representada por Beatriz Vega, coordinadora de la unidad CRA, quien destac\u00f3 la realizaci\u00f3n de la feria y la participaci\u00f3n del establecimiento en la actividad, \u201c<em>es muy importante para nosotros, los colegios, poder mostrar lo que hemos estado realizando en este tiempo, especialmente en tiempo de pandemia, en donde los equipos CRA tuvieron que poner toda su creatividad (\u2026) esta es una muy buena instancia para reencontrarnos y poder compartir con otras comunidades educativas las estrategias que nos han dado mayor fortaleza y tambi\u00e9n para captar ideas creativas<\/em>\u201d.&nbsp;<\/p>\n\n\n\n<p>Al respecto, el seremi de las Culturas, las Artes y el Patrimonio, Claudio Lagos Guti\u00e9rrez, se\u00f1al\u00f3 que <em>\u201cestamos muy contentos de poder estar haciendo esta actividad en conjunto con la Seremi de Educaci\u00f3n para fortalecer la escritura, la lectura y todo lo que significa la educaci\u00f3n en torno a estos espacios educativos, donde vamos trabajando en conjunto y buscamos estrategias distintas, generando una forma diferente de llegar a nuestros ni\u00f1os, ni\u00f1as y adolescentes. El trabajo conjunto con la Seremi de Educaci\u00f3n es fundamental para nosotros como Ministerio de las Culturas, las Artes y el Patrimonio, siendo parte de una pol\u00edtica y un acuerdo que hemos generado desde principio de a\u00f1o con Educaci\u00f3n, cuya idea es poder potenciarlo, fomentarlo y que esto vaya creciendo para que m\u00e1s ni\u00f1os, ni\u00f1as y adolescentes puedan efectivamente ser parte de estos procesos vinculados al arte y la cultura y por supuesto al fomento lector\u201d.<\/em><\/p>\n\n\n\n<p>Por su parte, el seremi de Educaci\u00f3n, Alberto Santander Becerra, destac\u00f3 la realizaci\u00f3n e importancia de la actividad para las comunidades educativas, <em>\u201cagradecemos a todos quienes fueron parte de la organizaci\u00f3n, ha sido una bella instancia que ha tenido una gran convocatoria y buena acogida. Como Ministerio de Educaci\u00f3n si o si tenemos la misi\u00f3n de seguir fomentando y estimulando los aprendizajes en nuestras ni\u00f1as y ni\u00f1os, de apoyarlos en sus procesos de ense\u00f1anza en las comunidades y por eso ponemos especial \u00e9nfasis en el rol fundamental que tiene la lectura y la escritura para la formaci\u00f3n integral de las y los estudiantes y qu\u00e9 mejor que hacerlo a trav\u00e9s de estas did\u00e1cticas experiencias que son parte de nuestra pol\u00edtica Seamos Comunidad\u201d.<\/em><\/p>\n\n\n\n<p>La feria fue realizada en el marco de la Estrategia Nacional para el Fortalecimiento de la Lectura, la Escritura y la Comunicaci\u00f3n, parte de la Pol\u00edtica de Reactivaci\u00f3n Integral \u201cSeamos Comunidad\u201d que lleva adelante el Ministerio de Educaci\u00f3n con el fin de reactivar los aprendizajes en las comunidades educativas para responder a los efectos de la pandemia.<\/p>\n","protected":false},"excerpt":{"rendered":"<p>La actividad cont\u00f3 con el desarrollo de distintas actividades did\u00e1cticas, adem\u00e1s de la exposici\u00f3n de bibliotecas CRA de escuelas y colegios de la comuna. Estudiantes de diversos establecimientos de Antofagasta&hellip;<\/p>\n","protected":false},"author":1,"featured_media":0,"comment_status":"closed","ping_status":"closed","sticky":false,"template":"","format":"standard","meta":{"_monsterinsights_skip_tracking":false,"_monsterinsights_sitenote_active":false,"_monsterinsights_sitenote_note":"","_monsterinsights_sitenote_category":0,"footnotes":""},"categories":[2,197],"tags":[36,6685,2356,268,1752,622,1842],"class_list":["post-9555","post","type-post","status-publish","format-standard","hentry","category-antofagasta","category-libros","tag-antofagasta","tag-educacionales","tag-establecimientos","tag-estudiantes","tag-feria","tag-fomento","tag-lector"],"_links":{"self":[{"href":"https:\/\/antofapop.cl\/index.php\/wp-json\/wp\/v2\/posts\/9555"}],"collection":[{"href":"https:\/\/antofapop.cl\/index.php\/wp-json\/wp\/v2\/posts"}],"about":[{"href":"https:\/\/antofapop.cl\/index.php\/wp-json\/wp\/v2\/types\/post"}],"author":[{"embeddable":true,"href":"https:\/\/antofapop.cl\/index.php\/wp-json\/wp\/v2\/users\/1"}],"replies":[{"embeddable":true,"href":"https:\/\/antofapop.cl\/index.php\/wp-json\/wp\/v2\/comments?post=9555"}],"version-history":[{"count":1,"href":"https:\/\/antofapop.cl\/index.php\/wp-json\/wp\/v2\/posts\/9555\/revisions"}],"predecessor-version":[{"id":9557,"href":"https:\/\/antofapop.cl\/index.php\/wp-json\/wp\/v2\/posts\/9555\/revisions\/9557"}],"wp:attachment":[{"href":"https:\/\/antofapop.cl\/index.php\/wp-json\/wp\/v2\/media?parent=9555"}],"wp:term":[{"taxonomy":"category","embeddable":true,"href":"https:\/\/antofapop.cl\/index.php\/wp-json\/wp\/v2\/categories?post=9555"},{"taxonomy":"post_tag","embeddable":true,"href":"https:\/\/antofapop.cl\/index.php\/wp-json\/wp\/v2\/tags?post=9555"}],"curies":[{"name":"wp","href":"https:\/\/api.w.org\/{rel}","templated":true}]}}