{"id":9567,"date":"2022-10-26T04:03:28","date_gmt":"2022-10-26T01:03:28","guid":{"rendered":"https:\/\/antofapop.cl\/?p=9567"},"modified":"2022-10-26T04:03:30","modified_gmt":"2022-10-26T01:03:30","slug":"en-el-sitio-cero-inauguran-primera-feria-infantil-y-juvenil-de-antofagasta","status":"publish","type":"post","link":"https:\/\/antofapop.cl\/index.php\/2022\/10\/26\/en-el-sitio-cero-inauguran-primera-feria-infantil-y-juvenil-de-antofagasta\/","title":{"rendered":"En el sitio cero inauguran primera Feria Infantil y Juvenil de Antofagasta"},"content":{"rendered":"<div class='booster-block booster-read-block'>\n                <div class=\"twp-read-time\">\n                \t<i class=\"booster-icon twp-clock\"><\/i> <span>Tiempo de Lectura:<\/span>2 Minutos, 50 Segundos                <\/div>\n\n            <\/div>\n<p><strong><em>Actividad que destaca por tener como protagonistas a ni\u00f1as, ni\u00f1os y j\u00f3venes de toda la regi\u00f3n, quienes podr\u00e1n recorrer los 90 stand que dispone el recinto ferial.<\/em><\/strong><\/p>\n\n\n\n<p><strong><em>La feria infantil y juvenil es una iniciativa aprobada por el Gobierno Regional de Antofagasta y financiada con recursos del Fondo del Inter\u00e9s Regional (FIR), l\u00ednea Cultura.<\/em><\/strong><\/p>\n\n\n\n<p>A las 10 de la ma\u00f1ana de este martes 25 de octubre se dio el vamos a la primera Feria del libro Infantil y Juvenil de Filzic, en una jornada que destac\u00f3 por la presencia de cerca de 400 de estudiantes de diversos establecimientos educacionales de Antofagasta, tales como el Colegio Lidia Moreno, Escuela B\u00e1sica J\u00f3se Papic, y Costa Cordillera, entre otros, quienes realizaron un recorrido por los m\u00e1s de 90 stand que dan vida esta iniciativa, \u00fanica en su tipo en el Norte del pa\u00eds.<\/p>\n\n\n\n<p>La actividad, que re\u00fane a instituciones y emprendedores de la literatura y la ilustraci\u00f3n, estar\u00e1 abierta el p\u00fablico en el sitio cero de Puerto Antofagasta, con actividades que invitan a disfrutar de la literatura infantil, el manga y el c\u00f3mic, entre otros.<\/p>\n\n\n\n<p>\u201c<em>Estamos felices y satisfechos de inaugurar esta primera feria del libro infantil y juvenil de Antofagasta, una iniciativa que est\u00e1 orientada en las ni\u00f1as, ni\u00f1os y j\u00f3venes de toda la regi\u00f3n. Para nuestra agrupaci\u00f3n es importante reafirmar el compromiso con el fomento y los h\u00e1bitos lectores en la primera infancia y en la adolescencia, porque as\u00ed estamos convencidos se construye una sociedad mejor, que valora lo diverso y abraza la cultura<\/em>\u201d indic\u00f3 Patricio Rojas, director ejecutivo de la Plataforma Cultural Filzic.<\/p>\n\n\n\n<p>Por su parte Carlos Escobar, Gerente General de Puerto Antofagasta destac\u00f3 la realizaci\u00f3n de una feria enfocada en ni\u00f1as, ni\u00f1os y j\u00f3venes. \u201c<em>Ser\u00e1n ocho d\u00edas que la primera Feria Infantil y Juvenil de Filzic Antofagasta estar\u00e1 funcionando en el Sitio Cero de Puerto Antofagasta, sin dudas un hito que marcar\u00e1 un precedente. Con este tipo de iniciativas, buscamos fomentar la lectura en un rango etario que est\u00e1 en absoluta formaci\u00f3n de conocimientos y cultura. Adem\u00e1s, lo bonito de esta versi\u00f3n de Filzic, es que contar\u00e1 con concursos de poes\u00eda y cuentos<\/em>\u201d.<\/p>\n\n\n\n<p>En tanto Ricardo D\u00edaz, Gobernador Regional de Antofagasta invit\u00f3 a la familia a visitar la feria. <em>\u201cNadie pr\u00e1ctica lo que no conoce y si no le damos la posibilidad de tener este acercamiento a la literatura, al manga, al c\u00f3mic, nuestros ni\u00f1os no van a tener la oportunidad de disfrutar de un mundo de fantas\u00eda, del mundo de la creatividad. Por eso es relevante esto, tenemos que abrir espacios para que los chicos puedan disfrutar de esta aventura, de esta fantas\u00eda y porque no despu\u00e9s so\u00f1ar que ellos ser\u00e1n los creadores de sus propios cuentos<\/em>\u201d.<\/p>\n\n\n\n<p>Primera jornada que concluy\u00f3 con su ceremonia inaugural en donde destac\u00f3 la presencia de \u201cMal\u00e9fica\u201d como maestra de ceremonia, caracterizada por la periodista Carolina Salinas, quien invit\u00f3 a los asistentes a \u201cvolver a ser ni\u00f1os\u201d. Actividad que cont\u00f3 con la presencia de autoridades regionales, presentadores, representantes instituciones, editoriales, librer\u00edas y emprendedores de la literatura y la ilustraci\u00f3n.<\/p>\n\n\n\n<p>La Feria del Libro Infantil y Juvenil Antofagasta, es presentada por el Gobierno Regional de Antofagasta, Puerto Antofagasta y Plataforma Cultural Filzic. Iniciativa aprobada por el Gobierno Regional de Antofagasta y financiada con recursos del Fondo del Inter\u00e9s Regional, l\u00ednea cultura.<\/p>\n\n\n\n<p>Toda la programaci\u00f3n hasta el martes 1 de noviembre est\u00e1 disponible en el sitio web <a href=\"http:\/\/www.filzic.cl\">www.filzic.cl<\/a>.<\/p>\n","protected":false},"excerpt":{"rendered":"<p>Actividad que destaca por tener como protagonistas a ni\u00f1as, ni\u00f1os y j\u00f3venes de toda la regi\u00f3n, quienes podr\u00e1n recorrer los 90 stand que dispone el recinto ferial. La feria infantil&hellip;<\/p>\n","protected":false},"author":1,"featured_media":0,"comment_status":"closed","ping_status":"closed","sticky":false,"template":"","format":"standard","meta":{"_monsterinsights_skip_tracking":false,"_monsterinsights_sitenote_active":false,"_monsterinsights_sitenote_note":"","_monsterinsights_sitenote_category":0,"footnotes":""},"categories":[2,197],"tags":[36,2120,1752,2283,887,2743,585,1412],"class_list":["post-9567","post","type-post","status-publish","format-standard","hentry","category-antofagasta","category-libros","tag-antofagasta","tag-cero","tag-feria","tag-inauguran","tag-infantil","tag-juvenil","tag-primera","tag-sitio"],"_links":{"self":[{"href":"https:\/\/antofapop.cl\/index.php\/wp-json\/wp\/v2\/posts\/9567"}],"collection":[{"href":"https:\/\/antofapop.cl\/index.php\/wp-json\/wp\/v2\/posts"}],"about":[{"href":"https:\/\/antofapop.cl\/index.php\/wp-json\/wp\/v2\/types\/post"}],"author":[{"embeddable":true,"href":"https:\/\/antofapop.cl\/index.php\/wp-json\/wp\/v2\/users\/1"}],"replies":[{"embeddable":true,"href":"https:\/\/antofapop.cl\/index.php\/wp-json\/wp\/v2\/comments?post=9567"}],"version-history":[{"count":1,"href":"https:\/\/antofapop.cl\/index.php\/wp-json\/wp\/v2\/posts\/9567\/revisions"}],"predecessor-version":[{"id":9569,"href":"https:\/\/antofapop.cl\/index.php\/wp-json\/wp\/v2\/posts\/9567\/revisions\/9569"}],"wp:attachment":[{"href":"https:\/\/antofapop.cl\/index.php\/wp-json\/wp\/v2\/media?parent=9567"}],"wp:term":[{"taxonomy":"category","embeddable":true,"href":"https:\/\/antofapop.cl\/index.php\/wp-json\/wp\/v2\/categories?post=9567"},{"taxonomy":"post_tag","embeddable":true,"href":"https:\/\/antofapop.cl\/index.php\/wp-json\/wp\/v2\/tags?post=9567"}],"curies":[{"name":"wp","href":"https:\/\/api.w.org\/{rel}","templated":true}]}}