{"id":9807,"date":"2022-11-09T03:23:02","date_gmt":"2022-11-09T00:23:02","guid":{"rendered":"https:\/\/antofapop.cl\/?p=9807"},"modified":"2022-11-09T03:23:03","modified_gmt":"2022-11-09T00:23:03","slug":"invitan-a-calamenos-a-ser-parte-de-gran-fiesta-navidena","status":"publish","type":"post","link":"https:\/\/antofapop.cl\/index.php\/2022\/11\/09\/invitan-a-calamenos-a-ser-parte-de-gran-fiesta-navidena\/","title":{"rendered":"Invitan a calame\u00f1os a ser parte de gran Fiesta Navide\u00f1a"},"content":{"rendered":"<div class='booster-block booster-read-block'>\n                <div class=\"twp-read-time\">\n                \t<i class=\"booster-icon twp-clock\"><\/i> <span>Tiempo de Lectura:<\/span>1 Minutos, 31 Segundos                <\/div>\n\n            <\/div>\n<p><strong><em>La convocatoria a este concurso premiar\u00e1 a las 3 mejores comparsas con $2.000.000, $1.500.000 y $1.000.000 respectivamente.&nbsp;<\/em><\/strong><\/p>\n\n\n\n<p>Este lunes, la Ilustre Municipalidad de Calama a trav\u00e9s de su Corporaci\u00f3n de Cultura y Turismo, realiz\u00f3 el lanzamiento del concurso \u201cToco Calama Junto en Navidad\u201d, una convocatoria extendida a todas las juntas vecinales de la comuna y\/o agrupaciones sociales, con el principal objetivo de fomentar la participaci\u00f3n ciudadana e impulsar que festividades tan importantes como esta destaque a nivel regional y pa\u00eds.&nbsp;<\/p>\n\n\n\n<p>El concurso, que busca crear una gran fiesta navide\u00f1a, se realizar\u00e1 el pr\u00f3ximo 10 de diciembre, y ser\u00e1 formato Caranava, donde los participantes, deber\u00e1n presentar su propuesta navide\u00f1a en formato comparsa.&nbsp;&nbsp;<\/p>\n\n\n\n<p>Edwin Alavia Ticona, Director Ejecutivo de la Corporaci\u00f3n de Cultura y Turismo, destac\u00f3 que \u201cCalama siempre se ha caracterizado por unirse y tener manifestaciones importantes, por ello invitamos a que celebraremos navidad entre todos, todas las comunidades, agrupaciones, instituciones que quieran participar, a que descarguen las bases y se sumen\u201d.&nbsp;&nbsp;<\/p>\n\n\n\n<p><strong>Las bases y premios&nbsp;<\/strong><\/p>\n\n\n\n<p>La gran caravana navide\u00f1a se realizar\u00e1 el pr\u00f3ximo s\u00e1bado 10 de diciembre de 2022, en recorrido que considera Avenida Granaderos desde calle Huaytiquina hasta Hurtado de Mendoza. La idea, es que cada organizaci\u00f3n se sume con su propia propuesta navide\u00f1a, la que ser\u00e1 sometida a evaluaci\u00f3n de un selecto jurado.&nbsp;<\/p>\n\n\n\n<p>Las bases ya disponibles en <a href=\"http:\/\/www.calamacultural.cl\/concursonavidad2022\">www.calamacultural.cl\/concursonavidad2022<\/a>, detalla los requisitos b\u00e1sicos para inscribirse, y en donde se indica tambi\u00e9n que, para el primer, segundo y tercer lugar, se otorgar\u00e1 como premio $2.000.000, $1.500.000 y $1.000.000, respectivamente, adem\u00e1s de una fiesta navide\u00f1a para las agrupaciones u organizaciones ganadoras.&nbsp;<\/p>\n\n\n\n<p>Las inscripciones se extender\u00e1n desde este lunes 7 y hasta el pr\u00f3ximo 16 de noviembre.&nbsp;<\/p>\n","protected":false},"excerpt":{"rendered":"<p>La convocatoria a este concurso premiar\u00e1 a las 3 mejores comparsas con $2.000.000, $1.500.000 y $1.000.000 respectivamente.&nbsp; Este lunes, la Ilustre Municipalidad de Calama a trav\u00e9s de su Corporaci\u00f3n de&hellip;<\/p>\n","protected":false},"author":1,"featured_media":0,"comment_status":"closed","ping_status":"closed","sticky":false,"template":"","format":"standard","meta":{"_monsterinsights_skip_tracking":false,"_monsterinsights_sitenote_active":false,"_monsterinsights_sitenote_note":"","_monsterinsights_sitenote_category":0,"footnotes":""},"categories":[2221,3188],"tags":[2222,5316,1998,926,2543,4272,255],"class_list":["post-9807","post","type-post","status-publish","format-standard","hentry","category-calama","category-tendencias","tag-calama","tag-calamenos","tag-fiesta","tag-gran","tag-invitan","tag-navidena","tag-parte"],"_links":{"self":[{"href":"https:\/\/antofapop.cl\/index.php\/wp-json\/wp\/v2\/posts\/9807"}],"collection":[{"href":"https:\/\/antofapop.cl\/index.php\/wp-json\/wp\/v2\/posts"}],"about":[{"href":"https:\/\/antofapop.cl\/index.php\/wp-json\/wp\/v2\/types\/post"}],"author":[{"embeddable":true,"href":"https:\/\/antofapop.cl\/index.php\/wp-json\/wp\/v2\/users\/1"}],"replies":[{"embeddable":true,"href":"https:\/\/antofapop.cl\/index.php\/wp-json\/wp\/v2\/comments?post=9807"}],"version-history":[{"count":1,"href":"https:\/\/antofapop.cl\/index.php\/wp-json\/wp\/v2\/posts\/9807\/revisions"}],"predecessor-version":[{"id":9809,"href":"https:\/\/antofapop.cl\/index.php\/wp-json\/wp\/v2\/posts\/9807\/revisions\/9809"}],"wp:attachment":[{"href":"https:\/\/antofapop.cl\/index.php\/wp-json\/wp\/v2\/media?parent=9807"}],"wp:term":[{"taxonomy":"category","embeddable":true,"href":"https:\/\/antofapop.cl\/index.php\/wp-json\/wp\/v2\/categories?post=9807"},{"taxonomy":"post_tag","embeddable":true,"href":"https:\/\/antofapop.cl\/index.php\/wp-json\/wp\/v2\/tags?post=9807"}],"curies":[{"name":"wp","href":"https:\/\/api.w.org\/{rel}","templated":true}]}}